{"id":1536,"date":"2023-05-25T10:45:13","date_gmt":"2023-05-25T08:45:13","guid":{"rendered":"https:\/\/mockelnforeningarna.se\/kontaktservice\/?p=1536"},"modified":"2023-05-25T10:46:09","modified_gmt":"2023-05-25T08:46:09","slug":"valkommen-att-folja-med-pa-2023s-sommarresa","status":"publish","type":"post","link":"https:\/\/mockelnforeningarna.se\/kontaktservice\/2023\/05\/25\/valkommen-att-folja-med-pa-2023s-sommarresa\/","title":{"rendered":"V\u00e4lkommen att f\u00f6lja med p\u00e5 2023s sommarresa."},"content":{"rendered":"\n<p>Som tack f\u00f6r de insatserna ni utf\u00f6r bjuder vi alla <strong>aktiva medarbetare<\/strong> p\u00e5 en sp\u00e4nnande dag i Karlstad!<\/p>\n\n\n\n<p>I Mariebergsskogen finns det bland annat en djurpark, Naturum V\u00e4rmland, lektr\u00e4dg\u00e5rd och rundturst\u00e5g.<\/p>\n\n\n\n<p>Vi bjuder p\u00e5 f\u00f6rmiddagsfika, en guidad tur plus att vi kommer att ha tid f\u00f6r att umg\u00e5s och uppleva platsen p\u00e5 egen hand. Lunchen \u00e4ter vi p\u00e5 Lill\u00e4ngens fiskrestaurang vid V\u00e4nern och det \u00e4r fisk vi kommer att best\u00e4lla! <strong>Meddela i f\u00f6rv\u00e4g vid din anm\u00e4lan om det \u00f6nskas annat, allergier eller speciell kost!<\/strong><\/p>\n\n\n\n<p><strong>Fredag den 2 juni<\/strong><\/p>\n\n\n\n<p>Vi ses p\u00e5 Nickk\u00e4llan <strong>kl. 9.00<\/strong> och ber\u00e4knar vara \u00e5ter i Karlskoga ca kl.17.00<\/p>\n\n\n\n<p><strong><u>Anm\u00e4lan senast den 26 maj<\/u><\/strong> till telefon 0586-617 44 eller 0586-621 34<\/p>\n\n\n\n<p>F\u00f6r anh\u00f6riga eller n\u00e4ra v\u00e4n som vill f\u00f6lja med p\u00e5 resan kostar det<strong> 500kr<\/strong> under f\u00f6ruts\u00e4ttning att det finns plats.<\/p>\n\n\n\n<p>Obs: Anm\u00e4lan \u00e4r bindande med anledning av att vi i god tid m\u00e5ste best\u00e4lla maten.<\/p>\n\n\n\n<p><em>Varmt v\u00e4lkomna!&nbsp;&nbsp;&nbsp;&nbsp;&nbsp;&nbsp;<\/em><\/p>\n\n\n\n<p><em>H\u00e4lsningar\/ Kontaktservice styrelse och Liliana Cortes<\/em><\/p>\n\n\n\n<p>&nbsp;<\/p>\n","protected":false},"excerpt":{"rendered":"<p>Som tack f\u00f6r de insatserna ni utf\u00f6r bjuder vi alla aktiva medarbetare p\u00e5 en sp\u00e4nnande dag i Karlstad! I Mariebergsskogen finns det bland annat en djurpark, Naturum V\u00e4rmland, lektr\u00e4dg\u00e5rd och [&hellip;]<\/p>\n","protected":false},"author":48,"featured_media":1537,"comment_status":"open","ping_status":"open","sticky":false,"template":"","format":"standard","meta":{"footnotes":""},"categories":[1],"tags":[],"class_list":["post-1536","post","type-post","status-publish","format-standard","has-post-thumbnail","hentry","category-okategoriserade"],"_links":{"self":[{"href":"https:\/\/mockelnforeningarna.se\/kontaktservice\/wp-json\/wp\/v2\/posts\/1536","targetHints":{"allow":["GET"]}}],"collection":[{"href":"https:\/\/mockelnforeningarna.se\/kontaktservice\/wp-json\/wp\/v2\/posts"}],"about":[{"href":"https:\/\/mockelnforeningarna.se\/kontaktservice\/wp-json\/wp\/v2\/types\/post"}],"author":[{"embeddable":true,"href":"https:\/\/mockelnforeningarna.se\/kontaktservice\/wp-json\/wp\/v2\/users\/48"}],"replies":[{"embeddable":true,"href":"https:\/\/mockelnforeningarna.se\/kontaktservice\/wp-json\/wp\/v2\/comments?post=1536"}],"version-history":[{"count":3,"href":"https:\/\/mockelnforeningarna.se\/kontaktservice\/wp-json\/wp\/v2\/posts\/1536\/revisions"}],"predecessor-version":[{"id":1540,"href":"https:\/\/mockelnforeningarna.se\/kontaktservice\/wp-json\/wp\/v2\/posts\/1536\/revisions\/1540"}],"wp:featuredmedia":[{"embeddable":true,"href":"https:\/\/mockelnforeningarna.se\/kontaktservice\/wp-json\/wp\/v2\/media\/1537"}],"wp:attachment":[{"href":"https:\/\/mockelnforeningarna.se\/kontaktservice\/wp-json\/wp\/v2\/media?parent=1536"}],"wp:term":[{"taxonomy":"category","embeddable":true,"href":"https:\/\/mockelnforeningarna.se\/kontaktservice\/wp-json\/wp\/v2\/categories?post=1536"},{"taxonomy":"post_tag","embeddable":true,"href":"https:\/\/mockelnforeningarna.se\/kontaktservice\/wp-json\/wp\/v2\/tags?post=1536"}],"curies":[{"name":"wp","href":"https:\/\/api.w.org\/{rel}","templated":true}]}}