{"id":1383,"date":"2023-05-03T11:13:50","date_gmt":"2023-05-03T09:13:50","guid":{"rendered":"https:\/\/mockelnforeningarna.se\/kulturochforeningskalaset\/?p=1383"},"modified":"2023-05-03T11:13:51","modified_gmt":"2023-05-03T09:13:51","slug":"information-till-medverkande","status":"publish","type":"post","link":"https:\/\/mockelnforeningarna.se\/kulturochforeningskalaset\/2023\/05\/03\/information-till-medverkande\/","title":{"rendered":"Information till medverkande"},"content":{"rendered":"\n<h2 class=\"wp-block-heading\">F\u00f6r akt\u00f6rer p\u00e5 Bofors stationsomr\u00e5de:<\/h2>\n\n\n\n<p>Hej p\u00e5 er alla akt\u00f6rer! L\u00f6rdag 13\/5 kl.11-15 \u00e4r det \u00e4ntligen dags f\u00f6r Kultur- och f\u00f6reningskalaset vid Bofors stationsomr\u00e5de och Nobelhallen&nbsp;\ud83d\ude04 Vi \u00e4r s\u00e5 glada att ni vill vara med och bidra till knytkalaset!<\/p>\n\n\n\n<p><br>H\u00e4r f\u00f6ljer information som \u00e4r viktiga inf\u00f6r kalaset:<\/p>\n\n\n\n<p>Tider innan kalaset<\/p>\n\n\n\n<p>M\u00e5ndag 8\/5 kl.16:30 &#8211; Presstr\u00e4ff p\u00e5 Nobelhallen m\u00e5ndag 8\/5 kl.16:30. Inte obligatoriskt men alla som vill \u00e4r alla v\u00e4lkomna att delta.<\/p>\n\n\n\n<p>M\u00e5ndag 8\/5 kl.18:00 &#8211; Informationsm\u00f6te specifikt f\u00f6r medverkande vid Bofors stationsomr\u00e5de, vi tr\u00e4ffas utanf\u00f6r Nya stationshuset (det gula) Genomg\u00e5ng av praktisk info och m\u00f6jlighet att planera lite n\u00e4rmare f\u00f6r er medverkan.<\/p>\n\n\n\n<p>Dagen \u00e4r ett knytkalas<br>Det inneb\u00e4r att alla bidrar med olika saker f\u00f6r att skapa evenemanget. M\u00f6ckelnf\u00f6reningarna och Kultur- och Fritidsf\u00f6rvaltningen samordnar kalaset och tillsammans \u00e4r vi alla arrang\u00f6rer. Det inneb\u00e4r att vi tillsammans best\u00e4mmer och ordnar det som beh\u00f6vs f\u00f6r att genomf\u00f6ra dagen. En ytterligare sak vi beh\u00f6ver hj\u00e4lpas \u00e5t med \u00e4r marknadsf\u00f6ring av evenemanget, se nedan.&nbsp;<\/p>\n\n\n\n<p>Karta \u00f6ver omr\u00e5det<br>En karta h\u00e5ller p\u00e5 att tas fram i detta nu s\u00e5 att ni enkelt ska se var ni kan st\u00e4lla upp er p\u00e5 kalaset. Nytt f\u00f6r i \u00e5r \u00e4r att vi har marknadsborden med r\u00f6d\/vita tygtak uppe vid Bofors station + ett st\u00f6rre t\u00e4lt d\u00e4r vi har en scen och stolar f\u00f6r \u00e5sk\u00e5darna.<\/p>\n\n\n\n<p>Medverkande<\/p>\n\n\n\n<p>Alla medverkande finns med i listan h\u00e4r:&nbsp;<a href=\"https:\/\/mockelnforeningarna.se\/kulturochforeningskalaset\/medverkande\/\" target=\"_blank\" rel=\"noreferrer noopener\">https:\/\/mockelnforeningarna.se\/kulturochforeningskalaset\/medverkande\/<\/a><\/p>\n\n\n\n<p>\u00c5terkom snarast om n\u00e5got inte st\u00e4mmer s\u00e5 uppdaterar jag.<\/p>\n\n\n\n<p>Schema \u00f6ver dagen<\/p>\n\n\n\n<p>Som alltid \u00e4r det lite av en utmaning att f\u00e5 ihop alla \u00f6nskem\u00e5l s\u00e5 h\u00e4r kommer v\u00e5rt f\u00f6rslag som vi hoppas ska fungera f\u00f6r alla inblandade:<\/p>\n\n\n\n<p><strong>Scenen&nbsp;framf\u00f6r Nya stationshuset<\/strong><\/p>\n\n\n\n<p>11:00&nbsp;&nbsp;&nbsp;&nbsp;&nbsp;&nbsp;&nbsp;&nbsp;&nbsp;&nbsp;&nbsp;&nbsp;&nbsp;&nbsp;&nbsp;&nbsp;&nbsp;Invigning&nbsp;<\/p>\n\n\n\n<p>11:05-11:35&nbsp;&nbsp;&nbsp;&nbsp;&nbsp;Musik med Gladiatonerna&nbsp;<\/p>\n\n\n\n<p>11:45-11:50&nbsp;&nbsp;&nbsp;&nbsp;&nbsp;G\u00f6rsk\u00f6j (kort sketch)&nbsp;&nbsp;&nbsp;&nbsp;&nbsp;&nbsp;&nbsp;&nbsp;&nbsp;&nbsp;&nbsp;&nbsp;&nbsp;&nbsp;&nbsp;&nbsp;&nbsp;<\/p>\n\n\n\n<p>12:00-12:30&nbsp;&nbsp;&nbsp;&nbsp;&nbsp;Musik med Gladiatonerna&nbsp;<\/p>\n\n\n\n<p>12:35-12:40&nbsp;&nbsp;&nbsp;&nbsp;&nbsp;G\u00f6rsk\u00f6j (kort sketch)&nbsp;<\/p>\n\n\n\n<p>12:45-13:00&nbsp;&nbsp;&nbsp;&nbsp;&nbsp;Karlskoga Kammark\u00f6r&nbsp;<\/p>\n\n\n\n<p>13:00-13:10&nbsp;&nbsp;&nbsp;&nbsp;&nbsp;G\u00f6rsk\u00f6j (l\u00e4ngre sketch)&nbsp;<\/p>\n\n\n\n<p>13:15-13:30&nbsp;&nbsp;&nbsp;&nbsp;&nbsp;Prisutdelning F\u00f6reningslivets Eldsj\u00e4l Bharat Forge&nbsp;<\/p>\n\n\n\n<p>15:00&nbsp;&nbsp;&nbsp;&nbsp;&nbsp;&nbsp;&nbsp;&nbsp;&nbsp;&nbsp;&nbsp;&nbsp;&nbsp;&nbsp;&nbsp;&nbsp;&nbsp;Avslutning&nbsp;<\/p>\n\n\n\n<p><strong>Gr\u00e4splanen&nbsp;i parken<\/strong><\/p>\n\n\n\n<p>12:00-12:30&nbsp;&nbsp;&nbsp;&nbsp;&nbsp;Senordansarna&nbsp;<\/p>\n\n\n\n<p>13:30-14:30&nbsp;&nbsp;&nbsp;&nbsp;&nbsp;Schlagergympa med Bofors gymnastikf\u00f6rening&nbsp;<\/p>\n\n\n\n<p>14:30-15:00&nbsp;&nbsp;&nbsp;&nbsp;&nbsp;Zumba med&nbsp;Liliana fr\u00e5n Kontaktservice&nbsp;<\/p>\n\n\n\n<p>Marknadsf\u00f6ring<\/p>\n\n\n\n<p>Dela dela dela i era kanaler! Det finns som evenemang p\u00e5 M\u00f6ckelnf\u00f6reningarnas portal (l\u00e4nk nedan) samt ett evenemang p\u00e5 facebook. L\u00e4gg g\u00e4rna ut information om er aktivitet i evenemanget p\u00e5 facebook samt p\u00e5 era hemsidor och om ni har evenemangskalendrar p\u00e5 portalen. CityRadion f\u00e5r bes\u00f6k av representanter torsdag 11\/5 kl.10:00&nbsp;&nbsp;<\/p>\n\n\n\n<p>L\u00e4nk till hemsida:&nbsp;<strong><a href=\"https:\/\/mockelnforeningarna.se\/kulturochforeningskalaset\/medverkande\/\" target=\"_blank\" rel=\"noreferrer noopener\">https:\/\/mockelnforeningarna.se\/kulturochforeningskalaset\/medverkande\/<\/a>&nbsp;<\/strong><\/p>\n\n\n\n<p>L\u00e4nk till Facebook<strong>:&nbsp;<\/strong><strong><a href=\"https:\/\/www.facebook.com\/events\/609265134058703\" target=\"_blank\" rel=\"noreferrer noopener\">https:\/\/www.facebook.com\/events\/609265134058703<\/a>&nbsp;<\/strong><\/p>\n\n\n\n<p>Tid<\/p>\n\n\n\n<p>KOM I TID&nbsp;f\u00f6r att hinna plocka fram era saker ni vill visa upp! Kalaset p\u00e5g\u00e5r mellan kl.11-15 s\u00e5 trevligast f\u00f6r alla \u00e4r redo kl.11 och med respekt f\u00f6r alla som har aktiviteter \u00f6nskar vi att alla stannar och har \u00f6ppet fram till kl.15.&nbsp;<\/p>\n\n\n\n<p>Ang bilar och parkering<\/p>\n\n\n\n<p>F\u00f6r er som har material att packa upp kan ni k\u00f6ra in p\u00e5 omr\u00e5det och l\u00e4mna bilfritt senast kl.10:30. Det \u00e4r allts\u00e5 endast till\u00e5tet att k\u00f6ra bil \u00e4nda fram f\u00f6r att lasta i och ur f\u00f6r dagens aktiviteter. Bilar kan parkeras p\u00e5 Ahlsell och Arbetsf\u00f6rmedlingen.&nbsp;&nbsp;Personer med handikapptillst\u00e5nd kan parkera p\u00e5 avsedd mittemot Gr\u00e5bo.<\/p>\n\n\n\n<p>Placering, l\u00e5na bord och marknadsbord<\/p>\n\n\n\n<p>Anm\u00e4lda f\u00f6reningar som \u00f6nskat marknadsbord kommer att f\u00e5 det. Borden placeras ut l\u00f6rdag morgon. F\u00f6rst p\u00e5 plats f\u00e5r f\u00f6rst v\u00e4lja, tag ett ledigt bord. Stolar tar ni med sj\u00e4lva.&nbsp;<\/p>\n\n\n\n<p>Sjukv\u00e5rdsv\u00e4ska&nbsp;<\/p>\n\n\n\n<p>Finns vid M\u00f6ckelnf\u00f6reningarnas bord i anslutning till scenen framf\u00f6r Nya stationshuset.&nbsp;&nbsp;<\/p>\n\n\n\n<p>Har vi gl\u00f6mt eller missat n\u00e5got eller om du har andra funderingar &#8211; tveka inte att h\u00f6ra av dig!! Vi ser mycket fram emot denna dag&nbsp;\ud83d\ude42&nbsp;<\/p>\n\n\n\n<p>Om n\u00e5gon mer fr\u00e5n din organisation beh\u00f6ver informationen, v\u00e4nligen skicka vidare detta meddelande. Tack f\u00f6r hj\u00e4lpen!<\/p>\n\n\n\n<p>Med v\u00e4nlig h\u00e4lsning<\/p>\n\n\n\n<p><strong>Sofia Tungfelt<\/strong><\/p>\n\n\n\n<p>Tel: 070 3800715<\/p>\n","protected":false},"excerpt":{"rendered":"<p>F\u00f6r akt\u00f6rer p\u00e5 Bofors stationsomr\u00e5de: Hej p\u00e5 er alla akt\u00f6rer! L\u00f6rdag 13\/5 kl.11-15 \u00e4r det \u00e4ntligen dags f\u00f6r Kultur- och f\u00f6reningskalaset vid Bofors stationsomr\u00e5de och Nobelhallen&nbsp;\ud83d\ude04 Vi \u00e4r s\u00e5 glada [&hellip;]<\/p>\n","protected":false},"author":38,"featured_media":0,"comment_status":"open","ping_status":"open","sticky":false,"template":"","format":"standard","meta":{"footnotes":""},"categories":[1],"tags":[],"class_list":["post-1383","post","type-post","status-publish","format-standard","hentry","category-okategoriserade"],"_links":{"self":[{"href":"https:\/\/mockelnforeningarna.se\/kulturochforeningskalaset\/wp-json\/wp\/v2\/posts\/1383","targetHints":{"allow":["GET"]}}],"collection":[{"href":"https:\/\/mockelnforeningarna.se\/kulturochforeningskalaset\/wp-json\/wp\/v2\/posts"}],"about":[{"href":"https:\/\/mockelnforeningarna.se\/kulturochforeningskalaset\/wp-json\/wp\/v2\/types\/post"}],"author":[{"embeddable":true,"href":"https:\/\/mockelnforeningarna.se\/kulturochforeningskalaset\/wp-json\/wp\/v2\/users\/38"}],"replies":[{"embeddable":true,"href":"https:\/\/mockelnforeningarna.se\/kulturochforeningskalaset\/wp-json\/wp\/v2\/comments?post=1383"}],"version-history":[{"count":1,"href":"https:\/\/mockelnforeningarna.se\/kulturochforeningskalaset\/wp-json\/wp\/v2\/posts\/1383\/revisions"}],"predecessor-version":[{"id":1384,"href":"https:\/\/mockelnforeningarna.se\/kulturochforeningskalaset\/wp-json\/wp\/v2\/posts\/1383\/revisions\/1384"}],"wp:attachment":[{"href":"https:\/\/mockelnforeningarna.se\/kulturochforeningskalaset\/wp-json\/wp\/v2\/media?parent=1383"}],"wp:term":[{"taxonomy":"category","embeddable":true,"href":"https:\/\/mockelnforeningarna.se\/kulturochforeningskalaset\/wp-json\/wp\/v2\/categories?post=1383"},{"taxonomy":"post_tag","embeddable":true,"href":"https:\/\/mockelnforeningarna.se\/kulturochforeningskalaset\/wp-json\/wp\/v2\/tags?post=1383"}],"curies":[{"name":"wp","href":"https:\/\/api.w.org\/{rel}","templated":true}]}}